{"id":2820,"date":"2025-03-23T08:34:36","date_gmt":"2025-03-23T08:34:36","guid":{"rendered":"https:\/\/www.gvg-heltersberg.de\/?p=2820"},"modified":"2025-03-23T08:34:36","modified_gmt":"2025-03-23T08:34:36","slug":"65-50-und-25-jahre","status":"publish","type":"post","link":"https:\/\/www.gvg-heltersberg.de\/?p=2820","title":{"rendered":"65, 50 und 25 Jahre&#8230;"},"content":{"rendered":"\n<p>&#8230;wer solange aktiv singt, der muss geb\u00fchrend gefeiert werden.<\/p>\n\n\n\n<p>Anl\u00e4\u00dflich unseres Konzertes wurden unsere Aktiven<\/p>\n\n\n\n<p>Rolf Asel &#8211; 65 Jahre<\/p>\n\n\n\n<p>Elisabeth Faust &#8211; 50 Jahre<\/p>\n\n\n\n<p>Manfred Jochum- 25 Jahre<\/p>\n\n\n\n<p>von Roland Heitmann, dem Vorsitzenden des Kreischorverbandes Westpfalz- Blies und Wolf-R\u00fcdiger Schreiweis, dem Pr\u00e4sidenten des Chorverbandes der Pfalz geehrt. Wie gratulieren Euch herzlich!<\/p>\n\n\n\n<figure class=\"wp-block-image size-full\"><img loading=\"lazy\" decoding=\"async\" width=\"9248\" height=\"6936\" src=\"https:\/\/www.gvg-heltersberg.de\/wp-content\/uploads\/2025\/03\/1000120971.jpg\" alt=\"\" class=\"wp-image-2821\" srcset=\"https:\/\/www.gvg-heltersberg.de\/wp-content\/uploads\/2025\/03\/1000120971.jpg 9248w, https:\/\/www.gvg-heltersberg.de\/wp-content\/uploads\/2025\/03\/1000120971-300x225.jpg 300w, https:\/\/www.gvg-heltersberg.de\/wp-content\/uploads\/2025\/03\/1000120971-768x576.jpg 768w\" sizes=\"(max-width: 9248px) 100vw, 9248px\" \/><\/figure>\n","protected":false},"excerpt":{"rendered":"<p>&#8230;wer solange aktiv singt, der muss geb\u00fchrend gefeiert werden. Anl\u00e4\u00dflich unseres Konzertes wurden unsere Aktiven Rolf Asel &#8211; 65 Jahre Elisabeth Faust &#8211; 50 Jahre Manfred Jochum- 25 Jahre von Roland Heitmann, dem Vorsitzenden des Kreischorverbandes Westpfalz- Blies und Wolf-R\u00fcdiger Schreiweis, dem Pr\u00e4sidenten des Chorverbandes der Pfalz geehrt. Wie gratulieren Euch herzlich!<\/p>\n","protected":false},"author":3,"featured_media":0,"comment_status":"open","ping_status":"open","sticky":false,"template":"","format":"standard","meta":{"ngg_post_thumbnail":0,"footnotes":"","_links_to":"","_links_to_target":""},"categories":[1],"tags":[],"_links":{"self":[{"href":"https:\/\/www.gvg-heltersberg.de\/index.php?rest_route=\/wp\/v2\/posts\/2820"}],"collection":[{"href":"https:\/\/www.gvg-heltersberg.de\/index.php?rest_route=\/wp\/v2\/posts"}],"about":[{"href":"https:\/\/www.gvg-heltersberg.de\/index.php?rest_route=\/wp\/v2\/types\/post"}],"author":[{"embeddable":true,"href":"https:\/\/www.gvg-heltersberg.de\/index.php?rest_route=\/wp\/v2\/users\/3"}],"replies":[{"embeddable":true,"href":"https:\/\/www.gvg-heltersberg.de\/index.php?rest_route=%2Fwp%2Fv2%2Fcomments&post=2820"}],"version-history":[{"count":1,"href":"https:\/\/www.gvg-heltersberg.de\/index.php?rest_route=\/wp\/v2\/posts\/2820\/revisions"}],"predecessor-version":[{"id":2822,"href":"https:\/\/www.gvg-heltersberg.de\/index.php?rest_route=\/wp\/v2\/posts\/2820\/revisions\/2822"}],"wp:attachment":[{"href":"https:\/\/www.gvg-heltersberg.de\/index.php?rest_route=%2Fwp%2Fv2%2Fmedia&parent=2820"}],"wp:term":[{"taxonomy":"category","embeddable":true,"href":"https:\/\/www.gvg-heltersberg.de\/index.php?rest_route=%2Fwp%2Fv2%2Fcategories&post=2820"},{"taxonomy":"post_tag","embeddable":true,"href":"https:\/\/www.gvg-heltersberg.de\/index.php?rest_route=%2Fwp%2Fv2%2Ftags&post=2820"}],"curies":[{"name":"wp","href":"https:\/\/api.w.org\/{rel}","templated":true}]}}